{"id":576,"date":"2023-10-23T16:33:09","date_gmt":"2023-10-23T14:33:09","guid":{"rendered":"https:\/\/www.damius.com\/blog\/?p=576"},"modified":"2024-02-14T10:07:20","modified_gmt":"2024-02-14T09:07:20","slug":"le-tour-de-corse-de-1000-km-parcouru-par-philippe-meynard-sur-son-nouveau-tricycle-supreme","status":"publish","type":"post","link":"https:\/\/www.damius.com\/blog\/le-tour-de-corse-de-1000-km-parcouru-par-philippe-meynard-sur-son-nouveau-tricycle-supreme\/","title":{"rendered":"LE TOUR DE CORSE DE 1000 KM PARCOURU PAR PHILIPPE MEYNARD SUR SON NOUVEAU TRICYCLE SUPREME"},"content":{"rendered":"\n<p><em>Nous vous l\u2019indiquions dans notre article intitul\u00e9 \u00ab&nbsp;<a href=\"https:\/\/www.damius.com\/blog\/tous-ensemble-en-tricycle-damius-pour-la-prevention-des-avc-avec-philippe-meynard\/\" target=\"_blank\" rel=\"noreferrer noopener\">TOUS ENSEMBLE EN TRICYCLE DAMIUS POUR LA PREVENTION DES AVC AVEC PHILIPPE MEYNARD !&nbsp;<\/a>\u00bb sp\u00e9cialement d\u00e9di\u00e9 \u00e0 Philippe MEYNARD et son aventure sur nos tricycles pour faire la pr\u00e9vention de la lutte contre les AVC, Phillipe s\u2019est lanc\u00e9 l\u2019objectif de r\u00e9aliser en Septembre 2023 le \u00ab GT20 \u00bb de Corse sur un parcours de plus de 1000 km, avec d\u2019importants d\u00e9nivel\u00e9s et une endurance renforc\u00e9e, au guidon notre nouveau tricycle SUPREME DAMIUS. <\/em><\/p>\n\n\n\n<h2>Le GT 20 (La Grande Travers\u00e9e 20 \u2013 \u00ab&nbsp;A traversata Maio) en Tricycle \u00e0 assistance \u00e9lectrique SUPREME DAMIUS<\/h2>\n\n\n\n<p>Le GT 20 (La Grande Travers\u00e9e 20 \u2013 \u00ab&nbsp;A traversata Maio) est l\u2019un des plus beaux itin\u00e9raires v\u00e9lo d\u2019Europe, et aussi l\u2019un des plus relev\u00e9, situ\u00e9 entre mer et montagne, via les plus beaux paysages de corses et un point culminant \u00e0 pr\u00e8s de 1500 m\u00e8tres d\u2019altitude.<\/p>\n\n\n\n<p>Lui qui avait jusqu\u2019\u00e0 pr\u00e9sent l\u2019habitude de r\u00e9aliser ses longs trajets avec son <a href=\"https:\/\/www.damius.com\/fr\/le-tricycle-francais-electrique-evasion2.html\" target=\"_blank\" rel=\"noreferrer noopener\">tricycle EVASION<\/a>, c\u2019est au guidon du nouveau <a href=\"https:\/\/www.damius.com\/fr\/tricycle-moteur-pedalier-supreme.html\" target=\"_blank\" rel=\"noreferrer noopener\">tricycle SUPREME<\/a> que l\u2019ancien maire de BARSAC \u00e0 cette fois-ci pris son \u00e9lan pour parcourir les cols corses.<\/p>\n\n\n\n<figure class=\"wp-block-image size-large\"><img loading=\"lazy\" width=\"1024\" height=\"573\" src=\"https:\/\/www.damius.com\/blog\/wp-content\/uploads\/2023\/10\/EVE\u0300NEMENT-1024x573.png\" alt=\"\" class=\"wp-image-581\" srcset=\"https:\/\/www.damius.com\/blog\/wp-content\/uploads\/2023\/10\/EVE\u0300NEMENT-1024x573.png 1024w, https:\/\/www.damius.com\/blog\/wp-content\/uploads\/2023\/10\/EVE\u0300NEMENT-300x168.png 300w, https:\/\/www.damius.com\/blog\/wp-content\/uploads\/2023\/10\/EVE\u0300NEMENT-768x430.png 768w, https:\/\/www.damius.com\/blog\/wp-content\/uploads\/2023\/10\/EVE\u0300NEMENT-1200x672.png 1200w, https:\/\/www.damius.com\/blog\/wp-content\/uploads\/2023\/10\/EVE\u0300NEMENT.png 1500w\" sizes=\"(max-width: 1024px) 100vw, 1024px\" \/><\/figure>\n\n\n\n<p>C\u2019est notamment gr\u00e2ce aux caract\u00e9ristiques du tricycle SUPREME que ce d\u00e9fi a pu \u00eatre relev\u00e9 par Philippe et la liste est longue pour d\u00e9crire ce que l\u2019on peut consid\u00e9rer comme le mod\u00e8le le plus innovant et abouti du march\u00e9&nbsp;:<\/p>\n\n\n\n<ul><li>Moteur fran\u00e7ais VAL\u00c9O avec un couple impressionnant de 130Nm\u00a0!<\/li><li>Boite de vitesse int\u00e9gr\u00e9 et adaptative \u00e0 l&rsquo;effort avec changement automatique des vitesses (7 vitesses et 450% de d\u00e9veloppement\u00a0!)<\/li><li>Batterie de 630 Wh (Autonomie de 40 \u00e0 90km)<\/li><li>Marche arri\u00e8re<\/li><li>Roues inclin\u00e9es\/carrossage n\u00e9gatif de 3\u00b0 et syst\u00e8me diff\u00e9rentiel mont\u00e9 sur roulement avec cardan de transmission<\/li><\/ul>\n\n\n\n<p>En 14 jours et 14 \u00e9tapes, du 14 au 27 Septembre 2023, voici l\u2019itin\u00e9raire, un peu fou, choisi par Philippe.<\/p>\n\n\n\n<h2>J-1 Avant le grand d\u00e9part en tricycle &#8211; 13\/09\/2023<\/h2>\n\n\n\n<p>Nous sommes le 13 septembre, c&rsquo;est dans nos nouveaux locaux situ\u00e9s \u00e0 MIRAMAS que Philippe fait un stop pour r\u00e9cup\u00e9rer ses deux tricycles SUPR\u00caME flambants neufs.<\/p>\n\n\n\n<figure class=\"wp-block-image size-large\"><img loading=\"lazy\" width=\"1024\" height=\"573\" src=\"https:\/\/www.damius.com\/blog\/wp-content\/uploads\/2023\/10\/PRE\u0301PARATION-1-1024x573.png\" alt=\"\" class=\"wp-image-584\" srcset=\"https:\/\/www.damius.com\/blog\/wp-content\/uploads\/2023\/10\/PRE\u0301PARATION-1-1024x573.png 1024w, https:\/\/www.damius.com\/blog\/wp-content\/uploads\/2023\/10\/PRE\u0301PARATION-1-300x168.png 300w, https:\/\/www.damius.com\/blog\/wp-content\/uploads\/2023\/10\/PRE\u0301PARATION-1-768x430.png 768w, https:\/\/www.damius.com\/blog\/wp-content\/uploads\/2023\/10\/PRE\u0301PARATION-1-1200x672.png 1200w, https:\/\/www.damius.com\/blog\/wp-content\/uploads\/2023\/10\/PRE\u0301PARATION-1.png 1500w\" sizes=\"(max-width: 1024px) 100vw, 1024px\" \/><\/figure>\n\n\n\n<h2>Jour J &#8211; Etape n\u00b01 &#8211; 14\/09\/2023<\/h2>\n\n\n\n<p>C&rsquo;est parti ! <\/p>\n\n\n\n<p>BASTIA &#8211; CENTURI<br>58 KM<br><br>Par le col de la SERRA et le moulin MATTEI \u00e0 365 m\u00e8tres d&rsquo;altitude<\/p>\n\n\n\n<figure class=\"wp-block-image size-large\"><img loading=\"lazy\" width=\"1024\" height=\"573\" src=\"https:\/\/www.damius.com\/blog\/wp-content\/uploads\/2023\/10\/E\u0301TAPE-1-1024x573.png\" alt=\"\" class=\"wp-image-585\" srcset=\"https:\/\/www.damius.com\/blog\/wp-content\/uploads\/2023\/10\/E\u0301TAPE-1-1024x573.png 1024w, https:\/\/www.damius.com\/blog\/wp-content\/uploads\/2023\/10\/E\u0301TAPE-1-300x168.png 300w, https:\/\/www.damius.com\/blog\/wp-content\/uploads\/2023\/10\/E\u0301TAPE-1-768x430.png 768w, https:\/\/www.damius.com\/blog\/wp-content\/uploads\/2023\/10\/E\u0301TAPE-1-1200x672.png 1200w, https:\/\/www.damius.com\/blog\/wp-content\/uploads\/2023\/10\/E\u0301TAPE-1.png 1500w\" sizes=\"(max-width: 1024px) 100vw, 1024px\" \/><\/figure>\n\n\n\n<h2>Etape n\u00b02 &#8211; 15\/09\/2023<\/h2>\n\n\n\n<p>CENTURI &#8211; SAINT-FLORENT<br>58 KM<\/p>\n\n\n\n<figure class=\"wp-block-image size-large\"><img loading=\"lazy\" width=\"1024\" height=\"573\" src=\"https:\/\/www.damius.com\/blog\/wp-content\/uploads\/2023\/10\/E\u0301TAPE-2-1024x573.png\" alt=\"\" class=\"wp-image-599\" srcset=\"https:\/\/www.damius.com\/blog\/wp-content\/uploads\/2023\/10\/E\u0301TAPE-2-1024x573.png 1024w, https:\/\/www.damius.com\/blog\/wp-content\/uploads\/2023\/10\/E\u0301TAPE-2-300x168.png 300w, https:\/\/www.damius.com\/blog\/wp-content\/uploads\/2023\/10\/E\u0301TAPE-2-768x430.png 768w, https:\/\/www.damius.com\/blog\/wp-content\/uploads\/2023\/10\/E\u0301TAPE-2-1200x672.png 1200w, https:\/\/www.damius.com\/blog\/wp-content\/uploads\/2023\/10\/E\u0301TAPE-2.png 1500w\" sizes=\"(max-width: 1024px) 100vw, 1024px\" \/><\/figure>\n\n\n\n<h2>Etape n\u00b03 &#8211; 16\/09\/2023<\/h2>\n\n\n\n<p>SAINT-FLORENT &#8211; BELGOD\u00c8RE<br>65 KM<br><br>\u00ab\u00a0L\u00e0 \u00e7a commence \u00e0 devenir s\u00e9rieux&#8230; On monte \u00e0 pr\u00e8s de 700m, d\u00e9nivel\u00e9 positif de 1 181 m\u00e8tres et d\u00e9nivel\u00e9 n\u00e9gatif de 885 m\u00e8tres. J&rsquo;ai \u00e9chang\u00e9 par messagerie avec plusieurs personnes sur la tenue du SUPREME. Franchement, jusqu&rsquo;\u00e0 pr\u00e9sent : FORMIDABLE ! J&rsquo;attends de grimper encore plus pour vous en parler.\u00a0\u00bb<\/p>\n\n\n\n<figure class=\"wp-block-image size-large\"><img loading=\"lazy\" width=\"1024\" height=\"573\" src=\"https:\/\/www.damius.com\/blog\/wp-content\/uploads\/2023\/10\/E\u0301TAPE-3-1-1024x573.png\" alt=\"\" class=\"wp-image-600\" srcset=\"https:\/\/www.damius.com\/blog\/wp-content\/uploads\/2023\/10\/E\u0301TAPE-3-1-1024x573.png 1024w, https:\/\/www.damius.com\/blog\/wp-content\/uploads\/2023\/10\/E\u0301TAPE-3-1-300x168.png 300w, https:\/\/www.damius.com\/blog\/wp-content\/uploads\/2023\/10\/E\u0301TAPE-3-1-768x430.png 768w, https:\/\/www.damius.com\/blog\/wp-content\/uploads\/2023\/10\/E\u0301TAPE-3-1-1200x672.png 1200w, https:\/\/www.damius.com\/blog\/wp-content\/uploads\/2023\/10\/E\u0301TAPE-3-1.png 1500w\" sizes=\"(max-width: 1024px) 100vw, 1024px\" \/><\/figure>\n\n\n\n<h2>Etape n\u00b04 &#8211; 17\/09\/2023<\/h2>\n\n\n\n<p>BELGOD\u00c8RE &#8211; CALENZANA<br>72 KM<\/p>\n\n\n\n<p>\u00ab\u00a0Col de MARSOLINO, quand tu viens de gravir un col \u00e0 20% sur 4 km, tu te dis que m\u00eame si &#8211; avec bonheur &#8211; tu as d\u00e9j\u00e0 parcouru + de 20 000 km avec le tricycle EVASION de DAMIUS, tu constates que ce mod\u00e8le SUPR\u00caME est vraiment un ph\u00e9nom\u00e8ne ! Bien s\u00fbr tu sais o\u00f9 sont tes jambes, mais le rythme cardiaque est top !\u00a0\u00bb<\/p>\n\n\n\n<figure class=\"wp-block-image size-large\"><img loading=\"lazy\" width=\"1024\" height=\"573\" src=\"https:\/\/www.damius.com\/blog\/wp-content\/uploads\/2023\/10\/E\u0301TAPE-4-1-1024x573.png\" alt=\"\" class=\"wp-image-601\" srcset=\"https:\/\/www.damius.com\/blog\/wp-content\/uploads\/2023\/10\/E\u0301TAPE-4-1-1024x573.png 1024w, https:\/\/www.damius.com\/blog\/wp-content\/uploads\/2023\/10\/E\u0301TAPE-4-1-300x168.png 300w, https:\/\/www.damius.com\/blog\/wp-content\/uploads\/2023\/10\/E\u0301TAPE-4-1-768x430.png 768w, https:\/\/www.damius.com\/blog\/wp-content\/uploads\/2023\/10\/E\u0301TAPE-4-1-1200x672.png 1200w, https:\/\/www.damius.com\/blog\/wp-content\/uploads\/2023\/10\/E\u0301TAPE-4-1.png 1500w\" sizes=\"(max-width: 1024px) 100vw, 1024px\" \/><\/figure>\n\n\n\n<h2>Etape n\u00b05 &#8211; 18\/09\/2023<\/h2>\n\n\n\n<p>CALENZANA &#8211; GAL\u00c9RIA<br>69 KM<\/p>\n\n\n\n<figure class=\"wp-block-image size-large\"><img loading=\"lazy\" width=\"1024\" height=\"573\" src=\"https:\/\/www.damius.com\/blog\/wp-content\/uploads\/2023\/10\/E\u0301TAPE-5-1-1024x573.png\" alt=\"\" class=\"wp-image-602\" srcset=\"https:\/\/www.damius.com\/blog\/wp-content\/uploads\/2023\/10\/E\u0301TAPE-5-1-1024x573.png 1024w, https:\/\/www.damius.com\/blog\/wp-content\/uploads\/2023\/10\/E\u0301TAPE-5-1-300x168.png 300w, https:\/\/www.damius.com\/blog\/wp-content\/uploads\/2023\/10\/E\u0301TAPE-5-1-768x430.png 768w, https:\/\/www.damius.com\/blog\/wp-content\/uploads\/2023\/10\/E\u0301TAPE-5-1-1200x672.png 1200w, https:\/\/www.damius.com\/blog\/wp-content\/uploads\/2023\/10\/E\u0301TAPE-5-1.png 1500w\" sizes=\"(max-width: 1024px) 100vw, 1024px\" \/><\/figure>\n\n\n\n<h2>Etape n\u00b06 &#8211; 19\/09\/2023<\/h2>\n\n\n\n<p>GAL\u00c9RIA &#8211; PORTO OTA<br>78 KM<\/p>\n\n\n\n<p>\u00ab\u00a0En haut du col de PALMARELLA et ses 408 m\u00e8tres, les passagers ont pu tester le SUPREME et \u00e9taient en admiration devant le tr\u00e8s beau panorama sur la M\u00e9diterran\u00e9e et la c\u00f4te vers PORTU.\u00a0\u00bb<\/p>\n\n\n\n<figure class=\"wp-block-image size-large\"><img loading=\"lazy\" width=\"1024\" height=\"573\" src=\"https:\/\/www.damius.com\/blog\/wp-content\/uploads\/2023\/10\/E\u0301TAPE-6-1-1024x573.png\" alt=\"\" class=\"wp-image-603\" srcset=\"https:\/\/www.damius.com\/blog\/wp-content\/uploads\/2023\/10\/E\u0301TAPE-6-1-1024x573.png 1024w, https:\/\/www.damius.com\/blog\/wp-content\/uploads\/2023\/10\/E\u0301TAPE-6-1-300x168.png 300w, https:\/\/www.damius.com\/blog\/wp-content\/uploads\/2023\/10\/E\u0301TAPE-6-1-768x430.png 768w, https:\/\/www.damius.com\/blog\/wp-content\/uploads\/2023\/10\/E\u0301TAPE-6-1-1200x672.png 1200w, https:\/\/www.damius.com\/blog\/wp-content\/uploads\/2023\/10\/E\u0301TAPE-6-1.png 1500w\" sizes=\"(max-width: 1024px) 100vw, 1024px\" \/><\/figure>\n\n\n\n<h2>Etape n\u00b07 &#8211; 20\/09\/2023<\/h2>\n\n\n\n<p>PORTO OTA &#8211; Col de VERGIO<br>78 KM<\/p>\n\n\n\n<p>Point culminant de ce GT20 \u00e0 1476 m\u00e8tres<\/p>\n\n\n\n<figure class=\"wp-block-image size-large\"><img loading=\"lazy\" width=\"1024\" height=\"573\" src=\"https:\/\/www.damius.com\/blog\/wp-content\/uploads\/2023\/10\/E\u0301TAPE-7-1-1024x573.png\" alt=\"\" class=\"wp-image-604\" srcset=\"https:\/\/www.damius.com\/blog\/wp-content\/uploads\/2023\/10\/E\u0301TAPE-7-1-1024x573.png 1024w, https:\/\/www.damius.com\/blog\/wp-content\/uploads\/2023\/10\/E\u0301TAPE-7-1-300x168.png 300w, https:\/\/www.damius.com\/blog\/wp-content\/uploads\/2023\/10\/E\u0301TAPE-7-1-768x430.png 768w, https:\/\/www.damius.com\/blog\/wp-content\/uploads\/2023\/10\/E\u0301TAPE-7-1-1200x672.png 1200w, https:\/\/www.damius.com\/blog\/wp-content\/uploads\/2023\/10\/E\u0301TAPE-7-1.png 1500w\" sizes=\"(max-width: 1024px) 100vw, 1024px\" \/><\/figure>\n\n\n\n<h2>Etape n\u00b08 &#8211; 21\/09\/2023<\/h2>\n\n\n\n<p>Col de VERGIO &#8211; CORTE<br>64 KM<\/p>\n\n\n\n<p>\u00ab\u00a0Dans les montages corses du, descendez avec moi le col de VERGIO &#8211; coups de p\u00e9dales avec le SUPREME de DAMIUS, un bonheur absolu et une grande chance !\u00a0\u00bb<\/p>\n\n\n\n<figure class=\"wp-block-image size-large\"><img loading=\"lazy\" width=\"1024\" height=\"573\" src=\"https:\/\/www.damius.com\/blog\/wp-content\/uploads\/2023\/10\/E\u0301TAPE-8-1-1024x573.png\" alt=\"\" class=\"wp-image-605\" srcset=\"https:\/\/www.damius.com\/blog\/wp-content\/uploads\/2023\/10\/E\u0301TAPE-8-1-1024x573.png 1024w, https:\/\/www.damius.com\/blog\/wp-content\/uploads\/2023\/10\/E\u0301TAPE-8-1-300x168.png 300w, https:\/\/www.damius.com\/blog\/wp-content\/uploads\/2023\/10\/E\u0301TAPE-8-1-768x430.png 768w, https:\/\/www.damius.com\/blog\/wp-content\/uploads\/2023\/10\/E\u0301TAPE-8-1-1200x672.png 1200w, https:\/\/www.damius.com\/blog\/wp-content\/uploads\/2023\/10\/E\u0301TAPE-8-1.png 1500w\" sizes=\"(max-width: 1024px) 100vw, 1024px\" \/><\/figure>\n\n\n\n<h2>Etape n\u00b09 &#8211; 22\/09\/2023<\/h2>\n\n\n\n<p>CORTE &#8211; GHISONI<br>62 KM<\/p>\n\n\n\n<p>\u00ab\u00a0Le bonheur de la Corse,, c&rsquo;est aussi le tr\u00e8s beau temps. Mais de temps en temps, il pleut tr\u00e8s fort, alors t&rsquo;es content de danser sous la pluie et d&rsquo;\u00eatre bien \u00e9quip\u00e9 sur ton tricycle DAMIUS !\u00a0\u00bb<\/p>\n\n\n\n<figure class=\"wp-block-image size-large\"><img loading=\"lazy\" width=\"1024\" height=\"573\" src=\"https:\/\/www.damius.com\/blog\/wp-content\/uploads\/2023\/10\/E\u0301TAPE-9-1-1024x573.png\" alt=\"\" class=\"wp-image-606\" srcset=\"https:\/\/www.damius.com\/blog\/wp-content\/uploads\/2023\/10\/E\u0301TAPE-9-1-1024x573.png 1024w, https:\/\/www.damius.com\/blog\/wp-content\/uploads\/2023\/10\/E\u0301TAPE-9-1-300x168.png 300w, https:\/\/www.damius.com\/blog\/wp-content\/uploads\/2023\/10\/E\u0301TAPE-9-1-768x430.png 768w, https:\/\/www.damius.com\/blog\/wp-content\/uploads\/2023\/10\/E\u0301TAPE-9-1-1200x672.png 1200w, https:\/\/www.damius.com\/blog\/wp-content\/uploads\/2023\/10\/E\u0301TAPE-9-1.png 1500w\" sizes=\"(max-width: 1024px) 100vw, 1024px\" \/><\/figure>\n\n\n\n<h2>Etape n\u00b010 &#8211; 23\/09\/2023<\/h2>\n\n\n\n<p>GHISONI &#8211; ZICAVO<br>40 KM<\/p>\n\n\n\n<figure class=\"wp-block-image size-large\"><img loading=\"lazy\" width=\"1024\" height=\"573\" src=\"https:\/\/www.damius.com\/blog\/wp-content\/uploads\/2023\/10\/E\u0301TAPE-10-1-1024x573.png\" alt=\"\" class=\"wp-image-607\" srcset=\"https:\/\/www.damius.com\/blog\/wp-content\/uploads\/2023\/10\/E\u0301TAPE-10-1-1024x573.png 1024w, https:\/\/www.damius.com\/blog\/wp-content\/uploads\/2023\/10\/E\u0301TAPE-10-1-300x168.png 300w, https:\/\/www.damius.com\/blog\/wp-content\/uploads\/2023\/10\/E\u0301TAPE-10-1-768x430.png 768w, https:\/\/www.damius.com\/blog\/wp-content\/uploads\/2023\/10\/E\u0301TAPE-10-1-1200x672.png 1200w, https:\/\/www.damius.com\/blog\/wp-content\/uploads\/2023\/10\/E\u0301TAPE-10-1.png 1500w\" sizes=\"(max-width: 1024px) 100vw, 1024px\" \/><\/figure>\n\n\n\n<h2>Etape n\u00b011 &#8211; 24\/09\/2023<\/h2>\n\n\n\n<p>ZICAVO &#8211; ZONZA<br>44 KM<\/p>\n\n\n\n<figure class=\"wp-block-image size-large\"><img loading=\"lazy\" width=\"1024\" height=\"573\" src=\"https:\/\/www.damius.com\/blog\/wp-content\/uploads\/2023\/10\/E\u0301TAPE-11-1-1024x573.png\" alt=\"\" class=\"wp-image-608\" srcset=\"https:\/\/www.damius.com\/blog\/wp-content\/uploads\/2023\/10\/E\u0301TAPE-11-1-1024x573.png 1024w, https:\/\/www.damius.com\/blog\/wp-content\/uploads\/2023\/10\/E\u0301TAPE-11-1-300x168.png 300w, https:\/\/www.damius.com\/blog\/wp-content\/uploads\/2023\/10\/E\u0301TAPE-11-1-768x430.png 768w, https:\/\/www.damius.com\/blog\/wp-content\/uploads\/2023\/10\/E\u0301TAPE-11-1-1200x672.png 1200w, https:\/\/www.damius.com\/blog\/wp-content\/uploads\/2023\/10\/E\u0301TAPE-11-1.png 1500w\" sizes=\"(max-width: 1024px) 100vw, 1024px\" \/><\/figure>\n\n\n\n<h2>Etape n\u00b012 &#8211; 25\/09\/2023<\/h2>\n\n\n\n<p>ZONZA &#8211; BONIFACIO<br>72 KM<\/p>\n\n\n\n<figure class=\"wp-block-image size-large\"><img loading=\"lazy\" width=\"1024\" height=\"573\" src=\"https:\/\/www.damius.com\/blog\/wp-content\/uploads\/2023\/10\/E\u0301TAPE-12-1-1024x573.png\" alt=\"\" class=\"wp-image-609\" srcset=\"https:\/\/www.damius.com\/blog\/wp-content\/uploads\/2023\/10\/E\u0301TAPE-12-1-1024x573.png 1024w, https:\/\/www.damius.com\/blog\/wp-content\/uploads\/2023\/10\/E\u0301TAPE-12-1-300x168.png 300w, https:\/\/www.damius.com\/blog\/wp-content\/uploads\/2023\/10\/E\u0301TAPE-12-1-768x430.png 768w, https:\/\/www.damius.com\/blog\/wp-content\/uploads\/2023\/10\/E\u0301TAPE-12-1-1200x672.png 1200w, https:\/\/www.damius.com\/blog\/wp-content\/uploads\/2023\/10\/E\u0301TAPE-12-1.png 1500w\" sizes=\"(max-width: 1024px) 100vw, 1024px\" \/><\/figure>\n\n\n\n<h2>Etape n\u00b013 &#8211; 26\/09\/2023<\/h2>\n\n\n\n<p>BONIFACIO &#8211; ALERIA<br>104 KM<\/p>\n\n\n\n<figure class=\"wp-block-image size-large\"><img loading=\"lazy\" width=\"1024\" height=\"573\" src=\"https:\/\/www.damius.com\/blog\/wp-content\/uploads\/2023\/10\/E\u0301TAPE-13-1-1024x573.png\" alt=\"\" class=\"wp-image-610\" srcset=\"https:\/\/www.damius.com\/blog\/wp-content\/uploads\/2023\/10\/E\u0301TAPE-13-1-1024x573.png 1024w, https:\/\/www.damius.com\/blog\/wp-content\/uploads\/2023\/10\/E\u0301TAPE-13-1-300x168.png 300w, https:\/\/www.damius.com\/blog\/wp-content\/uploads\/2023\/10\/E\u0301TAPE-13-1-768x430.png 768w, https:\/\/www.damius.com\/blog\/wp-content\/uploads\/2023\/10\/E\u0301TAPE-13-1-1200x672.png 1200w, https:\/\/www.damius.com\/blog\/wp-content\/uploads\/2023\/10\/E\u0301TAPE-13-1.png 1500w\" sizes=\"(max-width: 1024px) 100vw, 1024px\" \/><\/figure>\n\n\n\n<h2>Etape n\u00b014 et Bilan du p\u00e9riple &#8211; 15\/09\/2023 <\/h2>\n\n\n\n<p>ALERIA &#8211; BASTIA<br>74 KM<\/p>\n\n\n\n<p>\u00ab\u00a0Apr\u00e8s 1000 km sur les routes et chemins de Corses, heureux de cette aventure, d\u2019avoir aid\u00e9 les techniciens DAMIUS avec ce test grandeur nature ! Mille excuses pour avoir tir\u00e9 sur la gueule de la monture, mais c\u2019est pour la bonne cause. Cette machine est un ph\u00e9nom\u00e8ne, elle va faire des heureux\/ses lorsqu\u2019elle sera livr\u00e9e !\u00a0\u00bb<\/p>\n\n\n\n<figure class=\"wp-block-image size-large\"><img loading=\"lazy\" width=\"1024\" height=\"573\" src=\"https:\/\/www.damius.com\/blog\/wp-content\/uploads\/2023\/10\/E\u0301TAPE-14-1-1024x573.png\" alt=\"\" class=\"wp-image-611\" srcset=\"https:\/\/www.damius.com\/blog\/wp-content\/uploads\/2023\/10\/E\u0301TAPE-14-1-1024x573.png 1024w, https:\/\/www.damius.com\/blog\/wp-content\/uploads\/2023\/10\/E\u0301TAPE-14-1-300x168.png 300w, https:\/\/www.damius.com\/blog\/wp-content\/uploads\/2023\/10\/E\u0301TAPE-14-1-768x430.png 768w, https:\/\/www.damius.com\/blog\/wp-content\/uploads\/2023\/10\/E\u0301TAPE-14-1-1200x672.png 1200w, https:\/\/www.damius.com\/blog\/wp-content\/uploads\/2023\/10\/E\u0301TAPE-14-1.png 1500w\" sizes=\"(max-width: 1024px) 100vw, 1024px\" \/><\/figure>\n\n\n\n<h2><\/h2>\n","protected":false},"excerpt":{"rendered":"<p>Nous vous l\u2019indiquions dans notre article intitul\u00e9 \u00ab&nbsp;TOUS ENSEMBLE EN TRICYCLE DAMIUS POUR LA PREVENTION DES AVC AVEC PHILIPPE MEYNARD !&nbsp;\u00bb sp\u00e9cialement d\u00e9di\u00e9 \u00e0 Philippe MEYNARD et son aventure sur nos tricycles pour faire la pr\u00e9vention de la lutte contre les AVC, Phillipe s\u2019est lanc\u00e9 l\u2019objectif de r\u00e9aliser en Septembre 2023 le \u00ab GT20 \u00bb [&hellip;]<\/p>\n","protected":false},"author":2,"featured_media":578,"comment_status":"closed","ping_status":"closed","sticky":false,"template":"","format":"standard","meta":[],"categories":[6],"tags":[],"yoast_head":"<!-- This site is optimized with the Yoast SEO plugin v15.3 - https:\/\/yoast.com\/wordpress\/plugins\/seo\/ -->\n<title>LE TOUR DE CORSE DE 1000 KM PARCOURU PAR PHILIPPE MEYNARD SUR SON NOUVEAU TRICYCLE SUPREME - Damius<\/title>\n<meta name=\"description\" content=\"Au guidon de son nouveau tricycle SUPREME DAMIUS, d\u00e9couvrez le retour d&#039;exp\u00e9rience de Philippe MEYNARD ayant parcouru 1000 km en Corse (GT20)\" \/>\n<meta name=\"robots\" content=\"index, follow, max-snippet:-1, max-image-preview:large, max-video-preview:-1\" \/>\n<link rel=\"canonical\" href=\"https:\/\/www.damius.com\/blog\/le-tour-de-corse-de-1000-km-parcouru-par-philippe-meynard-sur-son-nouveau-tricycle-supreme\/\" \/>\n<meta property=\"og:locale\" content=\"fr_FR\" \/>\n<meta property=\"og:type\" content=\"article\" \/>\n<meta property=\"og:title\" content=\"LE TOUR DE CORSE DE 1000 KM PARCOURU PAR PHILIPPE MEYNARD SUR SON NOUVEAU TRICYCLE SUPREME - Damius\" \/>\n<meta property=\"og:description\" content=\"Au guidon de son nouveau tricycle SUPREME DAMIUS, d\u00e9couvrez le retour d&#039;exp\u00e9rience de Philippe MEYNARD ayant parcouru 1000 km en Corse (GT20)\" \/>\n<meta property=\"og:url\" content=\"https:\/\/www.damius.com\/blog\/le-tour-de-corse-de-1000-km-parcouru-par-philippe-meynard-sur-son-nouveau-tricycle-supreme\/\" \/>\n<meta property=\"og:site_name\" content=\"Damius\" \/>\n<meta property=\"article:published_time\" content=\"2023-10-23T14:33:09+00:00\" \/>\n<meta property=\"article:modified_time\" content=\"2024-02-14T09:07:20+00:00\" \/>\n<meta property=\"og:image\" content=\"https:\/\/www.damius.com\/blog\/wp-content\/uploads\/2023\/10\/GT20-CORSE.png\" \/>\n\t<meta property=\"og:image:width\" content=\"1500\" \/>\n\t<meta property=\"og:image:height\" content=\"840\" \/>\n<meta name=\"twitter:card\" content=\"summary_large_image\" \/>\n<meta name=\"twitter:label1\" content=\"\u00c9crit par\">\n\t<meta name=\"twitter:data1\" content=\"Damien GRAN\">\n\t<meta name=\"twitter:label2\" content=\"Dur\u00e9e de lecture est.\">\n\t<meta name=\"twitter:data2\" content=\"3 minutes\">\n<script type=\"application\/ld+json\" class=\"yoast-schema-graph\">{\"@context\":\"https:\/\/schema.org\",\"@graph\":[{\"@type\":\"Organization\",\"@id\":\"https:\/\/www.damius.com\/blog\/#organization\",\"name\":\"Damius\",\"url\":\"https:\/\/www.damius.com\/blog\/\",\"sameAs\":[],\"logo\":{\"@type\":\"ImageObject\",\"@id\":\"https:\/\/www.damius.com\/blog\/#logo\",\"inLanguage\":\"fr-FR\",\"url\":\"https:\/\/www.damius.com\/blog\/wp-content\/uploads\/2020\/09\/Logo_Damius-1.jpg\",\"width\":616,\"height\":143,\"caption\":\"Damius\"},\"image\":{\"@id\":\"https:\/\/www.damius.com\/blog\/#logo\"}},{\"@type\":\"WebSite\",\"@id\":\"https:\/\/www.damius.com\/blog\/#website\",\"url\":\"https:\/\/www.damius.com\/blog\/\",\"name\":\"Damius\",\"description\":\"\",\"publisher\":{\"@id\":\"https:\/\/www.damius.com\/blog\/#organization\"},\"potentialAction\":[{\"@type\":\"SearchAction\",\"target\":\"https:\/\/www.damius.com\/blog\/?s={search_term_string}\",\"query-input\":\"required name=search_term_string\"}],\"inLanguage\":\"fr-FR\"},{\"@type\":\"ImageObject\",\"@id\":\"https:\/\/www.damius.com\/blog\/le-tour-de-corse-de-1000-km-parcouru-par-philippe-meynard-sur-son-nouveau-tricycle-supreme\/#primaryimage\",\"inLanguage\":\"fr-FR\",\"url\":\"https:\/\/www.damius.com\/blog\/wp-content\/uploads\/2023\/10\/GT20-CORSE.png\",\"width\":1500,\"height\":840},{\"@type\":\"WebPage\",\"@id\":\"https:\/\/www.damius.com\/blog\/le-tour-de-corse-de-1000-km-parcouru-par-philippe-meynard-sur-son-nouveau-tricycle-supreme\/#webpage\",\"url\":\"https:\/\/www.damius.com\/blog\/le-tour-de-corse-de-1000-km-parcouru-par-philippe-meynard-sur-son-nouveau-tricycle-supreme\/\",\"name\":\"LE TOUR DE CORSE DE 1000 KM PARCOURU PAR PHILIPPE MEYNARD SUR SON NOUVEAU TRICYCLE SUPREME - Damius\",\"isPartOf\":{\"@id\":\"https:\/\/www.damius.com\/blog\/#website\"},\"primaryImageOfPage\":{\"@id\":\"https:\/\/www.damius.com\/blog\/le-tour-de-corse-de-1000-km-parcouru-par-philippe-meynard-sur-son-nouveau-tricycle-supreme\/#primaryimage\"},\"datePublished\":\"2023-10-23T14:33:09+00:00\",\"dateModified\":\"2024-02-14T09:07:20+00:00\",\"description\":\"Au guidon de son nouveau tricycle SUPREME DAMIUS, d\\u00e9couvrez le retour d'exp\\u00e9rience de Philippe MEYNARD ayant parcouru 1000 km en Corse (GT20)\",\"inLanguage\":\"fr-FR\",\"potentialAction\":[{\"@type\":\"ReadAction\",\"target\":[\"https:\/\/www.damius.com\/blog\/le-tour-de-corse-de-1000-km-parcouru-par-philippe-meynard-sur-son-nouveau-tricycle-supreme\/\"]}]},{\"@type\":\"Article\",\"@id\":\"https:\/\/www.damius.com\/blog\/le-tour-de-corse-de-1000-km-parcouru-par-philippe-meynard-sur-son-nouveau-tricycle-supreme\/#article\",\"isPartOf\":{\"@id\":\"https:\/\/www.damius.com\/blog\/le-tour-de-corse-de-1000-km-parcouru-par-philippe-meynard-sur-son-nouveau-tricycle-supreme\/#webpage\"},\"author\":{\"@id\":\"https:\/\/www.damius.com\/blog\/#\/schema\/person\/aea0e8ed7540a396817dde98ff07938b\"},\"headline\":\"LE TOUR DE CORSE DE 1000 KM PARCOURU PAR PHILIPPE MEYNARD SUR SON NOUVEAU TRICYCLE SUPREME\",\"datePublished\":\"2023-10-23T14:33:09+00:00\",\"dateModified\":\"2024-02-14T09:07:20+00:00\",\"mainEntityOfPage\":{\"@id\":\"https:\/\/www.damius.com\/blog\/le-tour-de-corse-de-1000-km-parcouru-par-philippe-meynard-sur-son-nouveau-tricycle-supreme\/#webpage\"},\"publisher\":{\"@id\":\"https:\/\/www.damius.com\/blog\/#organization\"},\"image\":{\"@id\":\"https:\/\/www.damius.com\/blog\/le-tour-de-corse-de-1000-km-parcouru-par-philippe-meynard-sur-son-nouveau-tricycle-supreme\/#primaryimage\"},\"articleSection\":\"Actualit\\u00e9s\",\"inLanguage\":\"fr-FR\"},{\"@type\":\"Person\",\"@id\":\"https:\/\/www.damius.com\/blog\/#\/schema\/person\/aea0e8ed7540a396817dde98ff07938b\",\"name\":\"Damien GRAN\",\"image\":{\"@type\":\"ImageObject\",\"@id\":\"https:\/\/www.damius.com\/blog\/#personlogo\",\"inLanguage\":\"fr-FR\",\"url\":\"https:\/\/secure.gravatar.com\/avatar\/81d054c01e2c36a3fcaff223f93fea04?s=96&d=mm&r=g\",\"caption\":\"Damien GRAN\"}}]}<\/script>\n<!-- \/ Yoast SEO plugin. -->","_links":{"self":[{"href":"https:\/\/www.damius.com\/blog\/wp-json\/wp\/v2\/posts\/576"}],"collection":[{"href":"https:\/\/www.damius.com\/blog\/wp-json\/wp\/v2\/posts"}],"about":[{"href":"https:\/\/www.damius.com\/blog\/wp-json\/wp\/v2\/types\/post"}],"author":[{"embeddable":true,"href":"https:\/\/www.damius.com\/blog\/wp-json\/wp\/v2\/users\/2"}],"replies":[{"embeddable":true,"href":"https:\/\/www.damius.com\/blog\/wp-json\/wp\/v2\/comments?post=576"}],"version-history":[{"count":13,"href":"https:\/\/www.damius.com\/blog\/wp-json\/wp\/v2\/posts\/576\/revisions"}],"predecessor-version":[{"id":624,"href":"https:\/\/www.damius.com\/blog\/wp-json\/wp\/v2\/posts\/576\/revisions\/624"}],"wp:featuredmedia":[{"embeddable":true,"href":"https:\/\/www.damius.com\/blog\/wp-json\/wp\/v2\/media\/578"}],"wp:attachment":[{"href":"https:\/\/www.damius.com\/blog\/wp-json\/wp\/v2\/media?parent=576"}],"wp:term":[{"taxonomy":"category","embeddable":true,"href":"https:\/\/www.damius.com\/blog\/wp-json\/wp\/v2\/categories?post=576"},{"taxonomy":"post_tag","embeddable":true,"href":"https:\/\/www.damius.com\/blog\/wp-json\/wp\/v2\/tags?post=576"}],"curies":[{"name":"wp","href":"https:\/\/api.w.org\/{rel}","templated":true}]}}